{"id":262,"date":"2022-02-28T12:08:01","date_gmt":"2022-02-28T12:08:01","guid":{"rendered":"https:\/\/estonia.icomos.org\/?p=262"},"modified":"2022-02-28T16:57:21","modified_gmt":"2022-02-28T16:57:21","slug":"open-statement-of-baltic-belarus-and-georgian-icomos-national-committees-to-board-of-icomos-international-considering-ukraine","status":"publish","type":"post","link":"https:\/\/estonia.icomos.org\/index.php\/2022\/02\/28\/open-statement-of-baltic-belarus-and-georgian-icomos-national-committees-to-board-of-icomos-international-considering-ukraine\/","title":{"rendered":"Open Statement of Baltic, Belarus and Georgian ICOMOS National Committees to Board of ICOMOS International considering Ukraine"},"content":{"rendered":"\n<p>We fully support the Statement on Ukraine by ICOMOS on February 24. We continue to follow the ongoing invasion in Ukraine of Putin&#8217;s regime as well as arrests of peaceful protesters against the war in the Russian Federation and Belarus. We applaud actions already taken by governments, organizations and citizens in support of Ukraine, but more needs to be done. <\/p>\n\n\n\n<p><br>It obliges us to request additional actions from ICOMOS:<\/p>\n\n\n\n<p><br>1. to condemn the Russian Federation\u2019s military invasion and war in Ukraine as crimes against humanity and war crimes<br>2. to condemn Putin`s regime violations against Human Rights in Ukraine and the Russian Federation.<br>3. to offer all help possible to Ukraine on behalf of ICOMOS International<br>4. to not to conduct or support any international events in the Russian Federation, to ask UNESCO not to have meetings in aggressors&#8217; territory<br>5. to support any way possible the BlueShield International procedures regarding protected cultural properties in Ukraine <br>We pray for Ukraine and for all the lives of the soldiers and civilians involved in the war.<\/p>\n\n\n\n<p><br>Respectfully,<\/p>\n\n\n\n<p><br>Ave Paulus, ICOMOS Estonia, President    <br>Katrina Kukaine, ICOMOS Latvia, President <br>Dainius Elertas, ICOMOS Lithuania, President  <br>Stsiapan Stureika, ICOMOS Belarus, President<br>Nato Tsintsabadze, ICOMOS Georgia, President<\/p>\n\n\n\n<p><br>27.02.2022<\/p>\n\n\n\n<p><br>The request is open for additional support<\/p>\n\n\n\n<div data-wp-interactive=\"core\/file\" class=\"wp-block-file\"><object data-wp-bind--hidden=\"!state.hasPdfPreview\" hidden class=\"wp-block-file__embed\" data=\"https:\/\/estonia.icomos.org\/wp-content\/uploads\/2022\/02\/Ukrainestatement2702.pdf\" type=\"application\/pdf\" style=\"width:100%;height:600px\" aria-label=\"Lisa Embed of Ukrainestatement2702..\"><\/object><a id=\"wp-block-file--media-1807a385-0765-4b92-9a04-a7b0dbbeb3e4\" href=\"https:\/\/estonia.icomos.org\/wp-content\/uploads\/2022\/02\/Ukrainestatement2702.pdf\">Ukrainestatement2702<\/a><a href=\"https:\/\/estonia.icomos.org\/wp-content\/uploads\/2022\/02\/Ukrainestatement2702.pdf\" class=\"wp-block-file__button\" download aria-describedby=\"wp-block-file--media-1807a385-0765-4b92-9a04-a7b0dbbeb3e4\">Download<\/a><\/div>\n\n\n\n<p><strong>Baltikumi, Valgevene ja Gruusia ICOMOS rahvuskomiteede \u00fchisavaldus ICOMOS Internationali juhatusele Ukraina k\u00fcsimuses<\/strong><\/p>\n\n\n\n<p>Toetame t\u00e4ielikult ICOMOS International 24. veebruari avaldust Ukraina teemal. J\u00e4lgime murega j\u00e4tkuvat Putini re\u017eiimi sissetungi Ukrainasse ning rahumeelsete s\u00f5javastaste meeleavaldajate arreteerimist Vene F\u00f6deratsioonis ja Valgevenes.<\/p>\n\n\n\n<p>Kiidame valitsuste, organisatsioonide ja kodanike poolt Ukraina toetuseks juba ette v\u00f5etud meetmeid, kuid teha tuleb rohkem.<\/p>\n\n\n\n<p>Palume ICOMOS Rahvusvahelisel komiteel:<\/p>\n\n\n\n<p>1. m\u00f5ista hukka Vene F\u00f6deratsiooni s\u00f5jaline invasioon ja s\u00f5da Ukrainas kui inimsusevastased ja s\u00f5jakuriteod<\/p>\n\n\n\n<p>2. m\u00f5ista hukka Putini re\u017eiimi poolsed inim\u00f5iguste rikkumised Ukrainas ja Vene F\u00f6deratsioonis<\/p>\n\n\n\n<p>3. pakkuda Ukrainale igak\u00fclgset toetust ICOMOSI poolt;<\/p>\n\n\n\n<p>4. mitte korraldada ega toetada rahvusvahelisi \u00fcritusi Vene F\u00f6deratsioonis, paluda ka UNESCO-l mitte pidada kohtumisi agressorite territooriumil;<\/p>\n\n\n\n<p>5. toetada igal v\u00f5imalikul viisil BlueShield International-i tegevusi seoses Ukraina kultuuriv\u00e4\u00e4rtustega.\u00a0<\/p>\n\n\n\n<p><\/p>\n\n\n\n<p>Palvetame Ukraina ja k\u00f5igi s\u00f5jas osalevate s\u00f5durite ja tsiviilisikute elude eest.<\/p>\n\n\n\n<p><\/p>\n\n\n\n<p><\/p>\n\n\n\n<p>Lugupidamisega,<\/p>\n\n\n\n<p>Ave Paulus, ICOMOS Eesti komitee president<\/p>\n\n\n\n<p>Katrina Kukaine, ICOMOS L\u00e4ti komitee president<\/p>\n\n\n\n<p>Dainius Elertas, ICOMOS Leedu komitee president<\/p>\n\n\n\n<p>Stsiapan Stureika, ICOMOS Valgevene komitee president<\/p>\n\n\n\n<p>Nato Tsintsabadze, ICOMOS Gruusia komitee president<\/p>\n\n\n\n<p><\/p>\n\n\n\n<p><\/p>\n\n\n\n<p>27.02.2022<\/p>\n\n\n\n<p>Avalik p\u00f6\u00f6rdumine on avatud ICOMOS teiste komiteede toetusele<\/p>\n","protected":false},"excerpt":{"rendered":"<p>We fully support the Statement on Ukraine by ICOMOS on February 24. We continue to follow the ongoing invasion in Ukraine of Putin&#8217;s regime as well as arrests of peaceful protesters against the war in the Russian Federation and Belarus. We applaud actions already taken by governments, organizations and citizens in support of Ukraine, but [&hellip;]<\/p>\n","protected":false},"author":4,"featured_media":0,"comment_status":"open","ping_status":"open","sticky":false,"template":"","format":"standard","meta":{"footnotes":""},"categories":[1],"tags":[],"class_list":["post-262","post","type-post","status-publish","format-standard","hentry"],"_links":{"self":[{"href":"https:\/\/estonia.icomos.org\/index.php\/wp-json\/wp\/v2\/posts\/262","targetHints":{"allow":["GET"]}}],"collection":[{"href":"https:\/\/estonia.icomos.org\/index.php\/wp-json\/wp\/v2\/posts"}],"about":[{"href":"https:\/\/estonia.icomos.org\/index.php\/wp-json\/wp\/v2\/types\/post"}],"author":[{"embeddable":true,"href":"https:\/\/estonia.icomos.org\/index.php\/wp-json\/wp\/v2\/users\/4"}],"replies":[{"embeddable":true,"href":"https:\/\/estonia.icomos.org\/index.php\/wp-json\/wp\/v2\/comments?post=262"}],"version-history":[{"count":5,"href":"https:\/\/estonia.icomos.org\/index.php\/wp-json\/wp\/v2\/posts\/262\/revisions"}],"predecessor-version":[{"id":273,"href":"https:\/\/estonia.icomos.org\/index.php\/wp-json\/wp\/v2\/posts\/262\/revisions\/273"}],"wp:attachment":[{"href":"https:\/\/estonia.icomos.org\/index.php\/wp-json\/wp\/v2\/media?parent=262"}],"wp:term":[{"taxonomy":"category","embeddable":true,"href":"https:\/\/estonia.icomos.org\/index.php\/wp-json\/wp\/v2\/categories?post=262"},{"taxonomy":"post_tag","embeddable":true,"href":"https:\/\/estonia.icomos.org\/index.php\/wp-json\/wp\/v2\/tags?post=262"}],"curies":[{"name":"wp","href":"https:\/\/api.w.org\/{rel}","templated":true}]}}