{"id":578,"date":"2023-05-17T09:03:56","date_gmt":"2023-05-17T09:03:56","guid":{"rendered":"https:\/\/estonia.icomos.org\/?p=578"},"modified":"2023-05-31T05:43:09","modified_gmt":"2023-05-31T05:43:09","slug":"fredi-tompsi-juubeliohtu-95-parandimotisklust","status":"publish","type":"post","link":"https:\/\/estonia.icomos.org\/index.php\/2023\/05\/17\/fredi-tompsi-juubeliohtu-95-parandimotisklust\/","title":{"rendered":"Fredi Tompsi juubeli\u00f5htu &#8211; 95 p\u00e4randim\u00f5tisklust"},"content":{"rendered":"\n<p>Ootame Teid&nbsp;&nbsp;28. mail 2023 kell 14.00-18:00&nbsp;Palmse m\u00f5isa Fredi Tompsi 95. juubeli t\u00e4histamisele<\/p>\n\n\n\n<p><strong>Fredi Tomps&nbsp;&#8211; 95 p\u00e4randim\u00f5tisklust<\/strong><\/p>\n\n\n\n<p>Juturing Fredi Tompsi&nbsp;elut\u00f6\u00f6st Eesti ja Lahemaa&nbsp;arhitektuurip\u00e4randi hoidmisel, kus osalevad lisaks juubilar Fredi Tompsile Aarne Kann, Juhan Maiste, Lilian Hansar, Riin Alatalu ja teised. R\u00e4\u00e4gime m\u00f5isatest ja taluarhitektuurist,&nbsp;linnustest ja kirikutest, muinsuskaitse m\u00f5ttest ja paljust muust.<\/p>\n\n\n\n<p>Alates kella 16-st s\u00f6\u00f6me torti, peotuju aitavad \u00fcleval&nbsp;hoida Lahemaa rahvamuusikud.<\/p>\n\n\n\n<p>Olete&nbsp;teretulnud \u00f5nnitlema juubilari!<\/p>\n\n\n\n<p>S\u00fcndmust aitab korraldada&nbsp;keskkonnaamet koost\u00f6\u00f6s ICOMOS Eesti ja SA Virumaa muuseumidega<\/p>\n\n\n\n<p>Kontakt:<\/p>\n\n\n\n<p>Ave Paulus 53327893, ave.paulus@keskkonnaamet.ee<\/p>\n\n\n\n<figure class=\"wp-block-image size-large\"><img loading=\"lazy\" decoding=\"async\" width=\"725\" height=\"1024\" src=\"https:\/\/estonia.icomos.org\/wp-content\/uploads\/2023\/05\/fredy-95_A4-725x1024.jpg\" alt=\"\" class=\"wp-image-579\" srcset=\"https:\/\/estonia.icomos.org\/wp-content\/uploads\/2023\/05\/fredy-95_A4-725x1024.jpg 725w, https:\/\/estonia.icomos.org\/wp-content\/uploads\/2023\/05\/fredy-95_A4-212x300.jpg 212w, https:\/\/estonia.icomos.org\/wp-content\/uploads\/2023\/05\/fredy-95_A4-768x1085.jpg 768w, https:\/\/estonia.icomos.org\/wp-content\/uploads\/2023\/05\/fredy-95_A4-1087x1536.jpg 1087w, https:\/\/estonia.icomos.org\/wp-content\/uploads\/2023\/05\/fredy-95_A4-1450x2048.jpg 1450w, https:\/\/estonia.icomos.org\/wp-content\/uploads\/2023\/05\/fredy-95_A4-scaled.jpg 1812w\" sizes=\"auto, (max-width: 725px) 100vw, 725px\" \/><\/figure>\n","protected":false},"excerpt":{"rendered":"<p>Ootame Teid&nbsp;&nbsp;28. mail 2023 kell 14.00-18:00&nbsp;Palmse m\u00f5isa Fredi Tompsi 95. juubeli t\u00e4histamisele Fredi Tomps&nbsp;&#8211; 95 p\u00e4randim\u00f5tisklust Juturing Fredi Tompsi&nbsp;elut\u00f6\u00f6st Eesti ja Lahemaa&nbsp;arhitektuurip\u00e4randi hoidmisel, kus osalevad lisaks juubilar Fredi Tompsile Aarne Kann, Juhan Maiste, Lilian Hansar, Riin Alatalu ja teised. R\u00e4\u00e4gime m\u00f5isatest ja taluarhitektuurist,&nbsp;linnustest ja kirikutest, muinsuskaitse m\u00f5ttest ja paljust muust. Alates kella 16-st s\u00f6\u00f6me torti, [&hellip;]<\/p>\n","protected":false},"author":4,"featured_media":0,"comment_status":"open","ping_status":"open","sticky":false,"template":"","format":"standard","meta":{"footnotes":""},"categories":[1],"tags":[],"class_list":["post-578","post","type-post","status-publish","format-standard","hentry"],"_links":{"self":[{"href":"https:\/\/estonia.icomos.org\/index.php\/wp-json\/wp\/v2\/posts\/578","targetHints":{"allow":["GET"]}}],"collection":[{"href":"https:\/\/estonia.icomos.org\/index.php\/wp-json\/wp\/v2\/posts"}],"about":[{"href":"https:\/\/estonia.icomos.org\/index.php\/wp-json\/wp\/v2\/types\/post"}],"author":[{"embeddable":true,"href":"https:\/\/estonia.icomos.org\/index.php\/wp-json\/wp\/v2\/users\/4"}],"replies":[{"embeddable":true,"href":"https:\/\/estonia.icomos.org\/index.php\/wp-json\/wp\/v2\/comments?post=578"}],"version-history":[{"count":1,"href":"https:\/\/estonia.icomos.org\/index.php\/wp-json\/wp\/v2\/posts\/578\/revisions"}],"predecessor-version":[{"id":580,"href":"https:\/\/estonia.icomos.org\/index.php\/wp-json\/wp\/v2\/posts\/578\/revisions\/580"}],"wp:attachment":[{"href":"https:\/\/estonia.icomos.org\/index.php\/wp-json\/wp\/v2\/media?parent=578"}],"wp:term":[{"taxonomy":"category","embeddable":true,"href":"https:\/\/estonia.icomos.org\/index.php\/wp-json\/wp\/v2\/categories?post=578"},{"taxonomy":"post_tag","embeddable":true,"href":"https:\/\/estonia.icomos.org\/index.php\/wp-json\/wp\/v2\/tags?post=578"}],"curies":[{"name":"wp","href":"https:\/\/api.w.org\/{rel}","templated":true}]}}