{"id":851,"date":"2025-04-30T17:17:06","date_gmt":"2025-04-30T17:17:06","guid":{"rendered":"https:\/\/estonia.icomos.org\/?p=851"},"modified":"2025-11-30T12:32:30","modified_gmt":"2025-11-30T12:32:30","slug":"seminar-moisaparandi-vaartused-ja-valjakutsed","status":"publish","type":"post","link":"https:\/\/estonia.icomos.org\/index.php\/2025\/04\/30\/seminar-moisaparandi-vaartused-ja-valjakutsed\/","title":{"rendered":"Seminar &#8220;M\u00f5isap\u00e4randi v\u00e4\u00e4rtused ja v\u00e4ljakutsed&#8221;"},"content":{"rendered":"\n<p>VEEBI\u00dcLEKANNE <a href=\"https:\/\/www.youtube.com\/live\/-p2DxKYxZek?si=p_bnRptwrrlgf3NE\" data-type=\"link\" data-id=\"https:\/\/www.youtube.com\/live\/-p2DxKYxZek?si=p_bnRptwrrlgf3NE\">https:\/\/www.youtube.com\/live\/-p2DxKYxZek?si=p_bnRptwrrlgf3NE<\/a><\/p>\n\n\n\n<p>FB LIVESTREAM <a href=\"https:\/\/fb.me\/e\/3cfFtu8Wb\" data-type=\"link\" data-id=\"https:\/\/fb.me\/e\/3cfFtu8Wb\">https:\/\/fb.me\/e\/3cfFtu8Wb<\/a><\/p>\n\n\n\n<p>ICOMOS Eesti koost\u00f6\u00f6s muinsuskaitseameti, ajalooliste hoonete \u00fcmarlaua, Eesti Kunstiakadeemia, m\u00f5isakoolide \u00fchenduse, Baltisaksa Kultuuri Seltsi, Hiiumaa ametikooli, MT\u00dc Suurem\u00f5isa Lossi ja Hiiumaa vallaga kutsub teid 16. ja 17. mail Hiiumaale Suurem\u00f5isa m\u00f5isakooli osalema ja m\u00f5tteid vahetama Eesti m\u00f5isap\u00e4randi hetkeseisust ning v\u00e4ljakutsetest. <\/p>\n\n\n\n<p>16. mai seminarip\u00e4ev toimub Suurem\u00f5isa lossis, seda modereerib Ave Paulus, ICOMOS Eesti president. 17.mai v\u00e4ljas\u00f5itu aitab l\u00e4bi viia Muinsuskaitseamet.<\/p>\n\n\n\n<p>10.00-10.30 hommikukohv ja registreerimine<br>10.30-13.00 M\u00f5isap\u00e4randi v\u00e4\u00e4rtused<\/p>\n\n\n\n<p>Avas\u00f5nad p\u00e4eva moderaatorilt ja korraldajalt Ave Pauluselt, ICOMOS Eesti <\/p>\n\n\n\n<figure class=\"wp-block-embed is-type-video is-provider-youtube wp-block-embed-youtube wp-embed-aspect-16-9 wp-has-aspect-ratio\"><div class=\"wp-block-embed__wrapper\">\n<iframe loading=\"lazy\" title=\"Ave Paulus, ICOMOS Eesti. Sissejuhatus.\" width=\"500\" height=\"281\" src=\"https:\/\/www.youtube.com\/embed\/eKl_ml5pV-A?feature=oembed\" frameborder=\"0\" allow=\"accelerometer; autoplay; clipboard-write; encrypted-media; gyroscope; picture-in-picture; web-share\" referrerpolicy=\"strict-origin-when-cross-origin\" allowfullscreen><\/iframe>\n<\/div><\/figure>\n\n\n\n<p>Hergo Tasuja, Hiiumaa vallavanem. Suurem\u00f5isa loss \u2013 Hiiumaa rahvusp\u00e4rand<\/p>\n\n\n\n<figure class=\"wp-block-embed is-type-video is-provider-youtube wp-block-embed-youtube wp-embed-aspect-16-9 wp-has-aspect-ratio\"><div class=\"wp-block-embed__wrapper\">\n<iframe loading=\"lazy\" title=\"Hergo Tasuja. Suurem\u00f5isa loss \u2013 Hiiumaa rahvusp\u00e4rand.\" width=\"500\" height=\"281\" src=\"https:\/\/www.youtube.com\/embed\/hhPjjIMVxh0?feature=oembed\" frameborder=\"0\" allow=\"accelerometer; autoplay; clipboard-write; encrypted-media; gyroscope; picture-in-picture; web-share\" referrerpolicy=\"strict-origin-when-cross-origin\" allowfullscreen><\/iframe>\n<\/div><\/figure>\n\n\n\n<p>Tarvi Sits, Muinsuskaitseamet. \u00dclevaade ehitusp\u00e4randi v\u00e4\u00e4rtusp\u00f5hise hindamise p\u00f5him\u00f5tetest ja metoodikast<\/p>\n\n\n\n<figure class=\"wp-block-embed is-type-video is-provider-youtube wp-block-embed-youtube wp-embed-aspect-16-9 wp-has-aspect-ratio\"><div class=\"wp-block-embed__wrapper\">\n<iframe loading=\"lazy\" title=\"Tarvi Sits. \u00dclevaade ehitusp\u00e4randi v\u00e4\u00e4rtusp\u00f5hise hindamise p\u00f5him\u00f5tetest ja metoodikast.\" width=\"500\" height=\"281\" src=\"https:\/\/www.youtube.com\/embed\/IaNANpkOsRg?feature=oembed\" frameborder=\"0\" allow=\"accelerometer; autoplay; clipboard-write; encrypted-media; gyroscope; picture-in-picture; web-share\" referrerpolicy=\"strict-origin-when-cross-origin\" allowfullscreen><\/iframe>\n<\/div><\/figure>\n\n\n\n<p>Hanna Selvet, Muinsuskaitseamet. M\u00f5isap\u00e4randi inventeerimise hetkeseis<\/p>\n\n\n\n<figure class=\"wp-block-embed is-type-video is-provider-youtube wp-block-embed-youtube wp-embed-aspect-16-9 wp-has-aspect-ratio\"><div class=\"wp-block-embed__wrapper\">\n<iframe loading=\"lazy\" title=\"Hanna Selvet. M\u00f5isap\u00e4randi inventeerimise hetkeseis\" width=\"500\" height=\"281\" src=\"https:\/\/www.youtube.com\/embed\/gCKYg4EGc3s?feature=oembed\" frameborder=\"0\" allow=\"accelerometer; autoplay; clipboard-write; encrypted-media; gyroscope; picture-in-picture; web-share\" referrerpolicy=\"strict-origin-when-cross-origin\" allowfullscreen><\/iframe>\n<\/div><\/figure>\n\n\n\n<p>Sulev Nurme, Artes Terrae. M\u00f5isapargi kui kultuurip\u00e4randi lugemine, m\u00f5istmine ja v\u00e4\u00e4rtustamine.<\/p>\n\n\n\n<figure class=\"wp-block-embed is-type-video is-provider-youtube wp-block-embed-youtube wp-embed-aspect-16-9 wp-has-aspect-ratio\"><div class=\"wp-block-embed__wrapper\">\n<iframe loading=\"lazy\" title=\"Sulev Nurme. M\u00f5isapargi kui kultuurip\u00e4randi lugemine, m\u00f5istmine ja v\u00e4\u00e4rtustamine\" width=\"500\" height=\"281\" src=\"https:\/\/www.youtube.com\/embed\/TDgalboeIHs?feature=oembed\" frameborder=\"0\" allow=\"accelerometer; autoplay; clipboard-write; encrypted-media; gyroscope; picture-in-picture; web-share\" referrerpolicy=\"strict-origin-when-cross-origin\" allowfullscreen><\/iframe>\n<\/div><\/figure>\n\n\n\n<p>Katrin Koit, muinsuskaitseamet. Varemetes m\u00f5isap\u00e4rand, kuidas kaitsta?<\/p>\n\n\n\n<figure class=\"wp-block-embed is-type-video is-provider-youtube wp-block-embed-youtube wp-embed-aspect-16-9 wp-has-aspect-ratio\"><div class=\"wp-block-embed__wrapper\">\n<iframe loading=\"lazy\" title=\"Katrin Koit. Varemetes m\u00f5isap\u00e4rand, kuidas kaitsta\" width=\"500\" height=\"281\" src=\"https:\/\/www.youtube.com\/embed\/x0WXYPAkKzw?feature=oembed\" frameborder=\"0\" allow=\"accelerometer; autoplay; clipboard-write; encrypted-media; gyroscope; picture-in-picture; web-share\" referrerpolicy=\"strict-origin-when-cross-origin\" allowfullscreen><\/iframe>\n<\/div><\/figure>\n\n\n\n<p>Viljar Vissel, Baltisaksa Kultuuri Selts Eestis, ICOMOS Eesti. M\u00f5isate hiilgus ja viletsus.<\/p>\n\n\n\n<figure class=\"wp-block-embed is-type-video is-provider-youtube wp-block-embed-youtube wp-embed-aspect-16-9 wp-has-aspect-ratio\"><div class=\"wp-block-embed__wrapper\">\n<iframe loading=\"lazy\" title=\"Viljar Vissel. M\u00f5isate hiilgus ja viletsus\" width=\"500\" height=\"281\" src=\"https:\/\/www.youtube.com\/embed\/D_BuDwVPohU?feature=oembed\" frameborder=\"0\" allow=\"accelerometer; autoplay; clipboard-write; encrypted-media; gyroscope; picture-in-picture; web-share\" referrerpolicy=\"strict-origin-when-cross-origin\" allowfullscreen><\/iframe>\n<\/div><\/figure>\n\n\n\n<p>13.30-14.30 eine <\/p>\n\n\n\n<p><br>14.30 -16.30 M\u00f5isap\u00e4randi v\u00e4ljakutsed m\u00f5isakoolide n\u00e4itel<br><\/p>\n\n\n\n<p>Kadi Mustasaar, Hiiumaa ametikool. Hiiumaa ametikoolist ja Suurem\u00f5isa tegemistest<\/p>\n\n\n\n<figure class=\"wp-block-embed is-type-video is-provider-youtube wp-block-embed-youtube wp-embed-aspect-16-9 wp-has-aspect-ratio\"><div class=\"wp-block-embed__wrapper\">\n<iframe loading=\"lazy\" title=\"Kadi Mustasaar. Hiiumaa ametikoolist ja Suurem\u00f5isa tegemistest\" width=\"500\" height=\"281\" src=\"https:\/\/www.youtube.com\/embed\/WmS2Um7y_aU?feature=oembed\" frameborder=\"0\" allow=\"accelerometer; autoplay; clipboard-write; encrypted-media; gyroscope; picture-in-picture; web-share\" referrerpolicy=\"strict-origin-when-cross-origin\" allowfullscreen><\/iframe>\n<\/div><\/figure>\n\n\n\n<p>Riin Alatalu, Eesti Kunstiakadeemia, ICOMOS Eesti. M\u00f5isap\u00e4randi kaasav inventeerimine.&nbsp;<a href=\"http:\/\/mois.ee\/\" target=\"_blank\" rel=\"noreferrer noopener\">mois.ee<\/a>&nbsp;v\u00f5imalused<\/p>\n\n\n\n<figure class=\"wp-block-embed is-type-video is-provider-youtube wp-block-embed-youtube wp-embed-aspect-16-9 wp-has-aspect-ratio\"><div class=\"wp-block-embed__wrapper\">\n<iframe loading=\"lazy\" title=\"Riin Alatalu. M\u00f5isap\u00e4randi kaasav inventeerimine. mois.ee v\u00f5imalused\" width=\"500\" height=\"281\" src=\"https:\/\/www.youtube.com\/embed\/yKaQFc9Y3uA?feature=oembed\" frameborder=\"0\" allow=\"accelerometer; autoplay; clipboard-write; encrypted-media; gyroscope; picture-in-picture; web-share\" referrerpolicy=\"strict-origin-when-cross-origin\" allowfullscreen><\/iframe>\n<\/div><\/figure>\n\n\n\n<p>T\u00f5nu Kiviloo. Eesti Ajalooliste Hoonete \u00dcmarlaua ja Eesti M\u00f5isakoolide \u00dchenduse tegemised.<\/p>\n\n\n\n<figure class=\"wp-block-embed is-type-video is-provider-youtube wp-block-embed-youtube wp-embed-aspect-16-9 wp-has-aspect-ratio\"><div class=\"wp-block-embed__wrapper\">\n<iframe loading=\"lazy\" title=\"T\u00f5nu Kiviloo. Eesti Ajalooliste Hoonete \u00dcmarlaua ja Eesti M\u00f5isakoolide \u00dchenduse tegemised\" width=\"500\" height=\"281\" src=\"https:\/\/www.youtube.com\/embed\/0IFreODM-HI?feature=oembed\" frameborder=\"0\" allow=\"accelerometer; autoplay; clipboard-write; encrypted-media; gyroscope; picture-in-picture; web-share\" referrerpolicy=\"strict-origin-when-cross-origin\" allowfullscreen><\/iframe>\n<\/div><\/figure>\n\n\n\n<p>Arnold Pastak, Olustvere kooli direktor. Olustvere \u2013 t\u00e4nap\u00e4eva riigim\u00f5is<\/p>\n\n\n\n<figure class=\"wp-block-embed is-type-video is-provider-youtube wp-block-embed-youtube wp-embed-aspect-16-9 wp-has-aspect-ratio\"><div class=\"wp-block-embed__wrapper\">\n<iframe loading=\"lazy\" title=\"Arnold Pastak. Olustvere \u2013 t\u00e4nap\u00e4eva riigim\u00f5is\" width=\"500\" height=\"281\" src=\"https:\/\/www.youtube.com\/embed\/_4bC5-1MLWQ?feature=oembed\" frameborder=\"0\" allow=\"accelerometer; autoplay; clipboard-write; encrypted-media; gyroscope; picture-in-picture; web-share\" referrerpolicy=\"strict-origin-when-cross-origin\" allowfullscreen><\/iframe>\n<\/div><\/figure>\n\n\n\n<p><br>17.00 Ringk\u00e4ik Viljar Visseliga<\/p>\n\n\n\n<p><\/p>\n\n\n\n<p>Fotod seminarist ja v\u00e4ljas\u00f5idust <a href=\"https:\/\/www.facebook.com\/media\/set\/?set=a.1330073412163942&amp;type=3\">https:\/\/www.facebook.com\/media\/set\/?set=a.1330073412163942&amp;type=3<\/a><\/p>\n\n\n\n<p><br><\/p>\n\n\n\n<p><br>Kontakt ja lisainfo:<br>Ave Paulus, ICOMOS Eesti president<br>ave.paulus@icomos.org, 5239404<\/p>\n\n\n\n<figure class=\"wp-block-image size-large\"><img loading=\"lazy\" decoding=\"async\" width=\"567\" height=\"1024\" src=\"https:\/\/estonia.icomos.org\/wp-content\/uploads\/2025\/04\/TUUL9665v_13-567x1024.jpg\" alt=\"\" class=\"wp-image-861\" srcset=\"https:\/\/estonia.icomos.org\/wp-content\/uploads\/2025\/04\/TUUL9665v_13-567x1024.jpg 567w, https:\/\/estonia.icomos.org\/wp-content\/uploads\/2025\/04\/TUUL9665v_13-166x300.jpg 166w, https:\/\/estonia.icomos.org\/wp-content\/uploads\/2025\/04\/TUUL9665v_13-768x1386.jpg 768w, https:\/\/estonia.icomos.org\/wp-content\/uploads\/2025\/04\/TUUL9665v_13-851x1536.jpg 851w, https:\/\/estonia.icomos.org\/wp-content\/uploads\/2025\/04\/TUUL9665v_13-1135x2048.jpg 1135w, https:\/\/estonia.icomos.org\/wp-content\/uploads\/2025\/04\/TUUL9665v_13-scaled.jpg 1419w\" sizes=\"auto, (max-width: 567px) 100vw, 567px\" \/><\/figure>\n","protected":false},"excerpt":{"rendered":"<p>VEEBI\u00dcLEKANNE https:\/\/www.youtube.com\/live\/-p2DxKYxZek?si=p_bnRptwrrlgf3NE FB LIVESTREAM https:\/\/fb.me\/e\/3cfFtu8Wb ICOMOS Eesti koost\u00f6\u00f6s muinsuskaitseameti, ajalooliste hoonete \u00fcmarlaua, Eesti Kunstiakadeemia, m\u00f5isakoolide \u00fchenduse, Baltisaksa Kultuuri Seltsi, Hiiumaa ametikooli, MT\u00dc Suurem\u00f5isa Lossi ja Hiiumaa vallaga kutsub teid 16. ja 17. mail Hiiumaale Suurem\u00f5isa m\u00f5isakooli osalema ja m\u00f5tteid vahetama Eesti m\u00f5isap\u00e4randi hetkeseisust ning v\u00e4ljakutsetest. 16. mai seminarip\u00e4ev toimub Suurem\u00f5isa lossis, seda modereerib Ave Paulus, [&hellip;]<\/p>\n","protected":false},"author":4,"featured_media":0,"comment_status":"open","ping_status":"open","sticky":false,"template":"","format":"standard","meta":{"footnotes":""},"categories":[1],"tags":[],"class_list":["post-851","post","type-post","status-publish","format-standard","hentry"],"_links":{"self":[{"href":"https:\/\/estonia.icomos.org\/index.php\/wp-json\/wp\/v2\/posts\/851","targetHints":{"allow":["GET"]}}],"collection":[{"href":"https:\/\/estonia.icomos.org\/index.php\/wp-json\/wp\/v2\/posts"}],"about":[{"href":"https:\/\/estonia.icomos.org\/index.php\/wp-json\/wp\/v2\/types\/post"}],"author":[{"embeddable":true,"href":"https:\/\/estonia.icomos.org\/index.php\/wp-json\/wp\/v2\/users\/4"}],"replies":[{"embeddable":true,"href":"https:\/\/estonia.icomos.org\/index.php\/wp-json\/wp\/v2\/comments?post=851"}],"version-history":[{"count":13,"href":"https:\/\/estonia.icomos.org\/index.php\/wp-json\/wp\/v2\/posts\/851\/revisions"}],"predecessor-version":[{"id":1100,"href":"https:\/\/estonia.icomos.org\/index.php\/wp-json\/wp\/v2\/posts\/851\/revisions\/1100"}],"wp:attachment":[{"href":"https:\/\/estonia.icomos.org\/index.php\/wp-json\/wp\/v2\/media?parent=851"}],"wp:term":[{"taxonomy":"category","embeddable":true,"href":"https:\/\/estonia.icomos.org\/index.php\/wp-json\/wp\/v2\/categories?post=851"},{"taxonomy":"post_tag","embeddable":true,"href":"https:\/\/estonia.icomos.org\/index.php\/wp-json\/wp\/v2\/tags?post=851"}],"curies":[{"name":"wp","href":"https:\/\/api.w.org\/{rel}","templated":true}]}}